{"id":23064,"date":"2024-06-12T10:43:32","date_gmt":"2024-06-12T08:43:32","guid":{"rendered":"https:\/\/www.territoriomudejar.es\/guided-visit-to-the-exhibition-mudejar-the-guide-in-carinena\/"},"modified":"2025-05-09T15:01:00","modified_gmt":"2025-05-09T13:01:00","slug":"guided-visit-to-the-exhibition-mudejar-the-guide-in-carinena","status":"publish","type":"post","link":"https:\/\/www.territoriomudejar.es\/en\/guided-visit-to-the-exhibition-mudejar-the-guide-in-carinena\/","title":{"rendered":"Guided visit to the exhibition &#8220;Mudejar: the guide&#8221; in Cari\u00f1ena"},"content":{"rendered":"\n<p>Territorio Mud\u00e9jar presented this Tuesday in Cari\u00f1ena the exhibition &#8220;Territorio Mud\u00e9jar. The guide&#8221;. The exhibition can be seen in the Santo Cristo del Santo Cristo chapel until 30 June from 9.00 to 13.00 from Monday to Sunday.<br\/>The inauguration included a guided tour of the exhibition and coincided with the conference given by Victoria Trasobares at the closing of the Universidad Popular course on the role of Cari\u00f1ena in the Territorio Mud\u00e9jar network. This was held in the Olimpia Theatre in the town. The activity was presented by the mayor of Cari\u00f1ena, Sergio Ortiz, and the teacher in charge of the history course, Jos\u00e9 Luis Begu\u00e9.   <\/p>\n\n<figure class=\"wp-block-image size-large\"><img fetchpriority=\"high\" decoding=\"async\" width=\"768\" height=\"1024\" src=\"https:\/\/www.territoriomudejar.es\/wp-content\/uploads\/2024\/08\/Carinena-1-768x1024.jpeg\" alt=\"\" class=\"wp-image-20241\" srcset=\"https:\/\/www.territoriomudejar.es\/wp-content\/uploads\/2024\/08\/Carinena-1-768x1024.jpeg 768w, https:\/\/www.territoriomudejar.es\/wp-content\/uploads\/2024\/08\/Carinena-1-225x300.jpeg 225w, https:\/\/www.territoriomudejar.es\/wp-content\/uploads\/2024\/08\/Carinena-1-1152x1536.jpeg 1152w, https:\/\/www.territoriomudejar.es\/wp-content\/uploads\/2024\/08\/Carinena-1-600x800.jpeg 600w, https:\/\/www.territoriomudejar.es\/wp-content\/uploads\/2024\/08\/Carinena-1.jpeg 1200w\" sizes=\"(max-width: 768px) 100vw, 768px\" \/><\/figure>\n","protected":false},"excerpt":{"rendered":"<p>Territorio Mud\u00e9jar presented this Tuesday in Cari\u00f1ena the exhibition &#8220;Territorio Mud\u00e9jar. The guide&#8221;. The exhibition can be seen in the Santo Cristo del Santo Cristo chapel until 30 June from 9.00 to 13.00 from Monday to Sunday.The inauguration included a guided tour of the exhibition and coincided with the conference given by Victoria Trasobares at [&hellip;]<\/p>\n","protected":false},"author":6,"featured_media":20240,"comment_status":"closed","ping_status":"closed","sticky":false,"template":"","format":"standard","meta":{"_monsterinsights_skip_tracking":false,"_monsterinsights_sitenote_active":false,"_monsterinsights_sitenote_note":"","_monsterinsights_sitenote_category":0,"footnotes":""},"categories":[113],"tags":[356,116,338,514],"class_list":["post-23064","post","type-post","status-publish","format-standard","has-post-thumbnail","hentry","category-news","tag-exhibition","tag-heritage","tag-mudejar-en-2","tag-partner-towns"],"acf":[],"_links":{"self":[{"href":"https:\/\/www.territoriomudejar.es\/en\/wp-json\/wp\/v2\/posts\/23064","targetHints":{"allow":["GET"]}}],"collection":[{"href":"https:\/\/www.territoriomudejar.es\/en\/wp-json\/wp\/v2\/posts"}],"about":[{"href":"https:\/\/www.territoriomudejar.es\/en\/wp-json\/wp\/v2\/types\/post"}],"author":[{"embeddable":true,"href":"https:\/\/www.territoriomudejar.es\/en\/wp-json\/wp\/v2\/users\/6"}],"replies":[{"embeddable":true,"href":"https:\/\/www.territoriomudejar.es\/en\/wp-json\/wp\/v2\/comments?post=23064"}],"version-history":[{"count":0,"href":"https:\/\/www.territoriomudejar.es\/en\/wp-json\/wp\/v2\/posts\/23064\/revisions"}],"wp:featuredmedia":[{"embeddable":true,"href":"https:\/\/www.territoriomudejar.es\/en\/wp-json\/wp\/v2\/media\/20240"}],"wp:attachment":[{"href":"https:\/\/www.territoriomudejar.es\/en\/wp-json\/wp\/v2\/media?parent=23064"}],"wp:term":[{"taxonomy":"category","embeddable":true,"href":"https:\/\/www.territoriomudejar.es\/en\/wp-json\/wp\/v2\/categories?post=23064"},{"taxonomy":"post_tag","embeddable":true,"href":"https:\/\/www.territoriomudejar.es\/en\/wp-json\/wp\/v2\/tags?post=23064"}],"curies":[{"name":"wp","href":"https:\/\/api.w.org\/{rel}","templated":true}]}}