{"id":23008,"date":"2022-06-09T12:24:00","date_gmt":"2022-06-09T10:24:00","guid":{"rendered":"https:\/\/www.territoriomudejar.es\/momar-study-tour-of-mehedinti-county-romania\/"},"modified":"2025-05-07T10:07:21","modified_gmt":"2025-05-07T08:07:21","slug":"momar-study-tour-of-mehedinti-county-romania","status":"publish","type":"post","link":"https:\/\/www.territoriomudejar.es\/en\/momar-study-tour-of-mehedinti-county-romania\/","title":{"rendered":"MOMAr Study Tour of Mehedinti County, Romania"},"content":{"rendered":"\n<p>Territorio Mud\u00e9jar participated in the latest study visit of the European MOMAr (&#8216;Models of Management for Singular Rural Heritage&#8217;) project to Mehedinti County in Romania.<\/p>\n\n<p>This rural area of \u200b\u200bthe country has served as inspiration for 24 European experts to learn about best practices in rural heritage management models.<\/p>\n\n<p>On this trip, we visited the Iron Gates Regional Museum, located in the town of Drobeta Turnu Severin, and its exhibits on the communities of Mehedinti County.<\/p>\n\n<p>On a cruise along the Danube, we observe the natural diversity and historical sites nestled along the river&#8217;s banks.<\/p>\n\n<p>We visited the village of Eibenthal in the Banat Mountains, inhabited by a Czech community and which has become a meeting and celebration place.<\/p>\n\n<p>They also explained the success story of the DiGiParks initiative, which reproduces 3D models of the region&#8217;s notable heritage sites.<\/p>\n\n<p>The visit continued at the Romanian Hydroelectric Power Station Museum. In Balta Cave, we enjoyed a concert performed by a local music school. <\/p>\n\n<p>We arrived at the so-called \u2018Bridge of God\u2019, the largest natural bridge in Romania, located in the village of Ponoarele.<\/p>\n\n<p>And the last stage of the tour took place at the church of Selistea.<\/p>\n\n<p>The Aragonese delegation was made up of the DPZ team: the coordinator of the Citizenship Area, Juan Jos\u00e9 Borque; the head of the Culture and Heritage Section, Lorena Laga; and the culture technician and member of the MOMAr coordination team, Isabel Soria. Traveling with them were the director of Mudejar Territory, Victoria Trasobares; the mayor of Gotor, Jos\u00e9 \u00c1ngel Calvo; the mayor of Quinto, Jes\u00fas Morales; the mayor of Velilla de Ebro, Mar\u00eda Rosario G\u00f3mez; and the culture technician from the Utebo City Council, Walter Espada. <\/p>\n\n<p>Representatives of the European partners also attended the trip from Saxony-Anhalt (Germany), South Bohemia (Czech Republic), and the province of Groningen (Netherlands), as well as the project&#8217;s technical advisory committee, made up of Irene Ruiz and Marisa Sebasti\u00e1n.<\/p>\n\n<figure class=\"wp-block-gallery has-nested-images columns-default is-cropped wp-block-gallery-1 is-layout-flex wp-block-gallery-is-layout-flex\">\n<figure class=\"wp-block-image size-large\"><img fetchpriority=\"high\" decoding=\"async\" width=\"1024\" height=\"834\" data-id=\"11967\" src=\"https:\/\/www.territoriomudejar.es\/wp-content\/uploads\/2022\/07\/momar-2-1024x834.jpg\" alt=\"\" class=\"wp-image-11967\" srcset=\"https:\/\/www.territoriomudejar.es\/wp-content\/uploads\/2022\/07\/momar-2-1024x834.jpg 1024w, https:\/\/www.territoriomudejar.es\/wp-content\/uploads\/2022\/07\/momar-2-300x244.jpg 300w, https:\/\/www.territoriomudejar.es\/wp-content\/uploads\/2022\/07\/momar-2-768x626.jpg 768w, https:\/\/www.territoriomudejar.es\/wp-content\/uploads\/2022\/07\/momar-2-600x489.jpg 600w, https:\/\/www.territoriomudejar.es\/wp-content\/uploads\/2022\/07\/momar-2.jpg 1080w\" sizes=\"(max-width: 1024px) 100vw, 1024px\" \/><\/figure>\n<\/figure>\n\n<figure class=\"wp-block-gallery has-nested-images columns-default is-cropped wp-block-gallery-2 is-layout-flex wp-block-gallery-is-layout-flex\">\n<figure class=\"wp-block-image size-large\"><img decoding=\"async\" width=\"1024\" height=\"772\" data-id=\"11969\" data-src=\"https:\/\/www.territoriomudejar.es\/wp-content\/uploads\/2022\/07\/momar-3-1024x772.jpg\" alt=\"\" class=\"wp-image-11969 lazyload\" data-srcset=\"https:\/\/www.territoriomudejar.es\/wp-content\/uploads\/2022\/07\/momar-3-1024x772.jpg 1024w, https:\/\/www.territoriomudejar.es\/wp-content\/uploads\/2022\/07\/momar-3-300x226.jpg 300w, https:\/\/www.territoriomudejar.es\/wp-content\/uploads\/2022\/07\/momar-3-768x579.jpg 768w, https:\/\/www.territoriomudejar.es\/wp-content\/uploads\/2022\/07\/momar-3-600x452.jpg 600w, https:\/\/www.territoriomudejar.es\/wp-content\/uploads\/2022\/07\/momar-3.jpg 1080w\" data-sizes=\"(max-width: 1024px) 100vw, 1024px\" src=\"data:image\/svg+xml;base64,PHN2ZyB3aWR0aD0iMSIgaGVpZ2h0PSIxIiB4bWxucz0iaHR0cDovL3d3dy53My5vcmcvMjAwMC9zdmciPjwvc3ZnPg==\" style=\"--smush-placeholder-width: 1024px; --smush-placeholder-aspect-ratio: 1024\/772;\" \/><\/figure>\n\n\n\n<figure class=\"wp-block-image size-large\"><img decoding=\"async\" width=\"1024\" height=\"768\" data-id=\"11971\" data-src=\"https:\/\/www.territoriomudejar.es\/wp-content\/uploads\/2022\/07\/momar-4-1024x768.jpg\" alt=\"\" class=\"wp-image-11971 lazyload\" data-srcset=\"https:\/\/www.territoriomudejar.es\/wp-content\/uploads\/2022\/07\/momar-4-1024x768.jpg 1024w, https:\/\/www.territoriomudejar.es\/wp-content\/uploads\/2022\/07\/momar-4-300x225.jpg 300w, https:\/\/www.territoriomudejar.es\/wp-content\/uploads\/2022\/07\/momar-4-768x576.jpg 768w, https:\/\/www.territoriomudejar.es\/wp-content\/uploads\/2022\/07\/momar-4-600x450.jpg 600w, https:\/\/www.territoriomudejar.es\/wp-content\/uploads\/2022\/07\/momar-4.jpg 1080w\" data-sizes=\"(max-width: 1024px) 100vw, 1024px\" src=\"data:image\/svg+xml;base64,PHN2ZyB3aWR0aD0iMSIgaGVpZ2h0PSIxIiB4bWxucz0iaHR0cDovL3d3dy53My5vcmcvMjAwMC9zdmciPjwvc3ZnPg==\" style=\"--smush-placeholder-width: 1024px; --smush-placeholder-aspect-ratio: 1024\/768;\" \/><\/figure>\n<\/figure>\n\n<p><\/p>\n","protected":false},"excerpt":{"rendered":"<p>Territorio Mud\u00e9jar participated in the latest study visit of the European MOMAr (&#8216;Models of Management for Singular Rural Heritage&#8217;) project to Mehedinti County in Romania. This rural area of \u200b\u200bthe country has served as inspiration for 24 European experts to learn about best practices in rural heritage management models. On this trip, we visited the [&hellip;]<\/p>\n","protected":false},"author":6,"featured_media":11966,"comment_status":"closed","ping_status":"closed","sticky":false,"template":"","format":"standard","meta":{"_monsterinsights_skip_tracking":false,"_monsterinsights_sitenote_active":false,"_monsterinsights_sitenote_note":"","_monsterinsights_sitenote_category":0,"footnotes":""},"categories":[113,194],"tags":[170,116,497,496,314],"class_list":["post-23008","post","type-post","status-publish","format-standard","has-post-thumbnail","hentry","category-news","category-project-interreg-momar","tag-good-practices","tag-heritage","tag-momar-interreg-en","tag-studio-visit","tag-territorio-mudejar-en"],"acf":[],"_links":{"self":[{"href":"https:\/\/www.territoriomudejar.es\/en\/wp-json\/wp\/v2\/posts\/23008","targetHints":{"allow":["GET"]}}],"collection":[{"href":"https:\/\/www.territoriomudejar.es\/en\/wp-json\/wp\/v2\/posts"}],"about":[{"href":"https:\/\/www.territoriomudejar.es\/en\/wp-json\/wp\/v2\/types\/post"}],"author":[{"embeddable":true,"href":"https:\/\/www.territoriomudejar.es\/en\/wp-json\/wp\/v2\/users\/6"}],"replies":[{"embeddable":true,"href":"https:\/\/www.territoriomudejar.es\/en\/wp-json\/wp\/v2\/comments?post=23008"}],"version-history":[{"count":0,"href":"https:\/\/www.territoriomudejar.es\/en\/wp-json\/wp\/v2\/posts\/23008\/revisions"}],"wp:featuredmedia":[{"embeddable":true,"href":"https:\/\/www.territoriomudejar.es\/en\/wp-json\/wp\/v2\/media\/11966"}],"wp:attachment":[{"href":"https:\/\/www.territoriomudejar.es\/en\/wp-json\/wp\/v2\/media?parent=23008"}],"wp:term":[{"taxonomy":"category","embeddable":true,"href":"https:\/\/www.territoriomudejar.es\/en\/wp-json\/wp\/v2\/categories?post=23008"},{"taxonomy":"post_tag","embeddable":true,"href":"https:\/\/www.territoriomudejar.es\/en\/wp-json\/wp\/v2\/tags?post=23008"}],"curies":[{"name":"wp","href":"https:\/\/api.w.org\/{rel}","templated":true}]}}