{"id":11920,"date":"2022-07-07T12:35:18","date_gmt":"2022-07-07T10:35:18","guid":{"rendered":"https:\/\/www.territoriomudejar.es\/territorio-mudejar-will-launch-a-new-call-for-research-stays-on-june-1-with-two-new-features-digital-strategy-as-a-vehicle-for-innovation-and-the-incorporation-of-the-creative-field-through-the-moda\/"},"modified":"2022-07-07T12:35:18","modified_gmt":"2022-07-07T10:35:18","slug":"territorio-mudejar-will-launch-a-new-call-for-research-stays-on-june-1-with-two-new-features-digital-strategy-as-a-vehicle-for-innovation-and-the-incorporation-of-the-creative-field-through-the-moda","status":"publish","type":"post","link":"https:\/\/www.territoriomudejar.es\/en\/territorio-mudejar-will-launch-a-new-call-for-research-stays-on-june-1-with-two-new-features-digital-strategy-as-a-vehicle-for-innovation-and-the-incorporation-of-the-creative-field-through-the-moda\/","title":{"rendered":"Territorio Mud\u00e9jar will launch a new call for research stays on June 1, with two new features: digital strategy as a vehicle for innovation and the incorporation of the creative field through the modality of &#8220;artist residencies&#8221;"},"content":{"rendered":"<p>On June 1, Territorio Mud\u00e9jar will open the fourth edition of the <em>&#8220;Gonzalo M. Borr\u00e1s Gualis&#8221; Fieldwork Stays and Projects<\/em>, aimed at directly supporting the work of researchers and project promoters who want to work on the development of the towns based on the responsible and sustainable use of cultural and natural heritage resources.<\/p>\n<p>The call offers advice on possible projects for all those professionals who need guidance regarding what kind of proposals can be submitted.<\/p>\n<p>For this reason, we invite you to the presentation programme, where we will explain the rules for participation and you will get to know the results of the projects and the researchers of the 2021 stays.<\/p>\n<p>Each presentation will include an activity related to the project and the space chosen. We look forward to seeing you!<\/p>\n<p>\ud83d\udd34\u00a0The first presentation will take place on <strong>Wednesday, June 1<\/strong>, at 18.30 with the collaboration of the Monasterio de las Canonesas del Santo Sepulcro.<\/p>\n<p>There, researchers Myriam Monterde, Elisa Plana, David Guirao and Jos\u00e9 Manuel Herr\u00e1iz will explain the project <em>Educational Mudejar: the guide<\/em>.<\/p>\n<p>The stay has focused on the creation of educational material for primary and secondary school students in order to help them interpret the Mudejar through a combination of illustrations and real images as well as to value its rich legacy.<\/p>\n<p>\ud83d\udd34\u00a0On <strong>Thursday, June 2<\/strong>, at 18.30 in the parish church of San F\u00e9lix in Torralba de Ribota, Laura Villacampa, Ignacio P\u00e9rez Bail\u00f3n and Javier G\u00f3mez Patrocinio will present the project <em>Preventive Urbanism<\/em>, a tool to take care of our towns.<\/p>\n<p>This research stay offers an analysis and comparative study of the urban planning regulations governing architectural interventions in various towns in the Mudejar Territory.<\/p>\n<p>\ud83d\udd34\u00a0On <strong>Friday, June 3<\/strong>, at 18.30 in the church of San Miguel de Daroca, Mar\u00eda Amor Borque and Serge Dambrine will present <em>Scenic Mudejar, a challenge<\/em>.<\/p>\n<p>This study has focused on defining strategies in the territory that promote Mudejar identity and reinforce its professional networks through research, creation and artistic dissemination in the field of musical and performance art. It has also designed actions that will enable the programming of future performing art events in the region.<\/p>\n<p>\ud83d\udd34\u00a0On <strong>Sunday, June 5<\/strong>, at 11.30 a.m. in the church of La Virgen de Tobed, Chema Agust\u00edn will present the project <em>The Mudejar and Euclidean geometry or plane geometry<\/em>.<\/p>\n<p>This fieldwork stay deals with the plastic study of the Aragonese Mudejar in the area of the Mudejar Territory and, by extension, in the province of Zaragoza. The project has made it possible to collect and study Mudejar layout, studying it in depth and with geometric rigour.<\/p>\n<p>These activities are free of charge and prior registration is recommended until 18.00 the day before the activity takes place, by telephone <strong>(+34 876 634 125)<\/strong>, Whatsapp <strong>(+34 649 799 405)<\/strong> or email <strong>(info@territoriomudejar.es)<\/strong><\/p>\n<p>We will soon give the details of the event and inform you of all the news and we hope you will participate. See you in Territorio Mud\u00e9jar!<\/p>\n<p><img fetchpriority=\"high\" decoding=\"async\" src=\"https:\/\/www.territoriomudejar.es\/wp-content\/uploads\/2022\/05\/Estancias-Territorio-Mude\u0301jar-alta-1-724x1024.jpg\" sizes=\"(max-width: 724px) 100vw, 724px\" srcset=\"https:\/\/www.territoriomudejar.es\/wp-content\/uploads\/2022\/05\/Estancias-Territorio-Mude\u0301jar-alta-1-724x1024.jpg 724w, https:\/\/www.territoriomudejar.es\/wp-content\/uploads\/2022\/05\/Estancias-Territorio-Mude\u0301jar-alta-1-212x300.jpg 212w, https:\/\/www.territoriomudejar.es\/wp-content\/uploads\/2022\/05\/Estancias-Territorio-Mude\u0301jar-alta-1-768x1086.jpg 768w, https:\/\/www.territoriomudejar.es\/wp-content\/uploads\/2022\/05\/Estancias-Territorio-Mude\u0301jar-alta-1-1086x1536.jpg 1086w, https:\/\/www.territoriomudejar.es\/wp-content\/uploads\/2022\/05\/Estancias-Territorio-Mude\u0301jar-alta-1-1448x2048.jpg 1448w, https:\/\/www.territoriomudejar.es\/wp-content\/uploads\/2022\/05\/Estancias-Territorio-Mude\u0301jar-alta-1-scaled.jpg 1810w\" alt=\"\" width=\"724\" height=\"1024\" \/><\/p>\n","protected":false},"excerpt":{"rendered":"<p>On June 1, Territorio Mud\u00e9jar will open the fourth edition of the &#8220;Gonzalo M. Borr\u00e1s Gualis&#8221; Fieldwork Stays and Projects, aimed at directly supporting the work of researchers and project promoters who want to work on the development of the towns based on the responsible and sustainable use of cultural and natural heritage resources. The [&hellip;]<\/p>\n","protected":false},"author":6,"featured_media":11485,"comment_status":"closed","ping_status":"closed","sticky":false,"template":"","format":"standard","meta":{"_monsterinsights_skip_tracking":false,"_monsterinsights_sitenote_active":false,"_monsterinsights_sitenote_note":"","_monsterinsights_sitenote_category":0,"footnotes":""},"categories":[113],"tags":[313,116,157,314],"class_list":["post-11920","post","type-post","status-publish","format-standard","has-post-thumbnail","hentry","category-news","tag-fieldwork-grants","tag-heritage","tag-mudejar-en","tag-territorio-mudejar-en"],"acf":[],"_links":{"self":[{"href":"https:\/\/www.territoriomudejar.es\/en\/wp-json\/wp\/v2\/posts\/11920","targetHints":{"allow":["GET"]}}],"collection":[{"href":"https:\/\/www.territoriomudejar.es\/en\/wp-json\/wp\/v2\/posts"}],"about":[{"href":"https:\/\/www.territoriomudejar.es\/en\/wp-json\/wp\/v2\/types\/post"}],"author":[{"embeddable":true,"href":"https:\/\/www.territoriomudejar.es\/en\/wp-json\/wp\/v2\/users\/6"}],"replies":[{"embeddable":true,"href":"https:\/\/www.territoriomudejar.es\/en\/wp-json\/wp\/v2\/comments?post=11920"}],"version-history":[{"count":0,"href":"https:\/\/www.territoriomudejar.es\/en\/wp-json\/wp\/v2\/posts\/11920\/revisions"}],"wp:featuredmedia":[{"embeddable":true,"href":"https:\/\/www.territoriomudejar.es\/en\/wp-json\/wp\/v2\/media\/11485"}],"wp:attachment":[{"href":"https:\/\/www.territoriomudejar.es\/en\/wp-json\/wp\/v2\/media?parent=11920"}],"wp:term":[{"taxonomy":"category","embeddable":true,"href":"https:\/\/www.territoriomudejar.es\/en\/wp-json\/wp\/v2\/categories?post=11920"},{"taxonomy":"post_tag","embeddable":true,"href":"https:\/\/www.territoriomudejar.es\/en\/wp-json\/wp\/v2\/tags?post=11920"}],"curies":[{"name":"wp","href":"https:\/\/api.w.org\/{rel}","templated":true}]}}